{"id":621,"date":"2022-04-05T22:06:13","date_gmt":"2022-04-05T20:06:13","guid":{"rendered":"https:\/\/kavickujeme.emcubio.sk\/?p=621"},"modified":"2022-04-05T22:06:16","modified_gmt":"2022-04-05T20:06:16","slug":"kaviaren-central-perk-z-priatelov-je-otvorena","status":"publish","type":"post","link":"https:\/\/kavickujeme.emcubio.sk\/?p=621","title":{"rendered":"Kaviare\u0148 Central Perk z Priate\u013eov je otvoren\u00e1"},"content":{"rendered":"\n<p>_2PHJq<br>Fan\u00fa\u0161ikovia najzn\u00e1mej\u0161ieho sitkomu Priatelia pozor. Ak by ste si chceli da\u0165 \u0161\u00e1lku k\u00e1vy v legend\u00e1rnej kaviarni Central Perk, m\u00f4\u017eete tak urobi\u0165 od dnes.<br>Pri pr\u00edle\u017eitosti 20. v\u00fdro\u010dia od premi\u00e9ry seri\u00e1lu, otvorili v New Yorku repliku zn\u00e1mej kaviarne. Po dobu jedn\u00e9ho mesiaca, teda od 17. septembra do 18. okt\u00f3bra, si budete m\u00f4c\u0165 vychutna\u0165 k\u00e1vu v zn\u00e1mom prostred\u00ed ob\u013e\u00fabenej partie Priate\u013eov. V kaviarni bud\u00fa umiestnen\u00e9 aj rekvizity zo seri\u00e1lu ako kultov\u00fd oran\u017eov\u00fd gau\u010d a ch\u00fdba\u0165 nebude ani zn\u00e1my \u010da\u0161n\u00edk Gunther (James Mecheal Tyler), ktor\u00fd v\u00e1s mo\u017eno obsl\u00fa\u017ei. Repliku kaviarne n\u00e1jdete na 199 Lafayette street, NY.<br>Seri\u00e1l Priatelia ur\u010dite netreba predstavova\u0165. Je to jeden z najpopul\u00e1rnej\u0161\u00edch telev\u00edznych seri\u00e1lov. Prv\u00e1 \u010das\u0165 mala premi\u00e9ru 22. septembra 1994 a premi\u00e9ra poslednej \u010dasti bola 6. m\u00e1ja 2004.<br>A na\u0161a ob\u013e\u00faben\u00e1 \u010das\u0165, kedy sa Joey u\u010d\u00ed po franc\u00fazsky \ud83d\ude42<\/p>\n\n\n\n<figure class=\"wp-block-embed is-type-video is-provider-youtube wp-block-embed-youtube wp-embed-aspect-4-3 wp-has-aspect-ratio\"><div class=\"wp-block-embed__wrapper\">\n<iframe loading=\"lazy\" title=\"Friends priatelia sk dabing joey sa uci po francuzsky!D\" width=\"1140\" height=\"855\" src=\"https:\/\/www.youtube.com\/embed\/Pi_6r_iHlvM?feature=oembed\" frameborder=\"0\" allow=\"accelerometer; autoplay; clipboard-write; encrypted-media; gyroscope; picture-in-picture\" allowfullscreen><\/iframe>\n<\/div><\/figure>\n","protected":false},"excerpt":{"rendered":"<p>_2PHJqFan\u00fa\u0161ikovia najzn\u00e1mej\u0161ieho sitkomu Priatelia pozor. Ak by ste si chceli da\u0165 \u0161\u00e1lku k\u00e1vy v legend\u00e1rnej kaviarni Central Perk, m\u00f4\u017eete tak urobi\u0165 od dnes.Pri pr\u00edle\u017eitosti 20. v\u00fdro\u010dia od premi\u00e9ry seri\u00e1lu, otvorili [&hellip;]<\/p>\n","protected":false},"author":1,"featured_media":0,"comment_status":"open","ping_status":"open","sticky":false,"template":"","format":"standard","meta":[],"categories":[1],"tags":[],"yoast_head":"<!-- This site is optimized with the Yoast SEO plugin v18.5.1 - https:\/\/yoast.com\/wordpress\/plugins\/seo\/ -->\n<title>Kaviare\u0148 Central Perk z Priate\u013eov je otvoren\u00e1 - Kavickujeme<\/title>\n<meta name=\"robots\" content=\"noindex, follow, max-snippet:-1, max-image-preview:large, max-video-preview:-1\" \/>\n<meta property=\"og:locale\" content=\"sk_SK\" \/>\n<meta property=\"og:type\" content=\"article\" \/>\n<meta property=\"og:title\" content=\"Kaviare\u0148 Central Perk z Priate\u013eov je otvoren\u00e1 - Kavickujeme\" \/>\n<meta property=\"og:description\" content=\"_2PHJqFan\u00fa\u0161ikovia najzn\u00e1mej\u0161ieho sitkomu Priatelia pozor. Ak by ste si chceli da\u0165 \u0161\u00e1lku k\u00e1vy v legend\u00e1rnej kaviarni Central Perk, m\u00f4\u017eete tak urobi\u0165 od dnes.Pri pr\u00edle\u017eitosti 20. v\u00fdro\u010dia od premi\u00e9ry seri\u00e1lu, otvorili [&hellip;]\" \/>\n<meta property=\"og:url\" content=\"https:\/\/kavickujeme.emcubio.sk\/?p=621\" \/>\n<meta property=\"og:site_name\" content=\"Kavickujeme\" \/>\n<meta property=\"article:published_time\" content=\"2022-04-05T20:06:13+00:00\" \/>\n<meta property=\"article:modified_time\" content=\"2022-04-05T20:06:16+00:00\" \/>\n<meta name=\"twitter:card\" content=\"summary_large_image\" \/>\n<meta name=\"twitter:label1\" content=\"Autor:\" \/>\n\t<meta name=\"twitter:data1\" content=\"emcubio\" \/>\n\t<meta name=\"twitter:label2\" content=\"Predpokladan\u00fd \u010das \u010d\u00edtania\" \/>\n\t<meta name=\"twitter:data2\" content=\"1 min\u00fata\" \/>\n<script type=\"application\/ld+json\" class=\"yoast-schema-graph\">{\"@context\":\"https:\/\/schema.org\",\"@graph\":[{\"@type\":\"WebSite\",\"@id\":\"https:\/\/kavickujeme.emcubio.sk\/#website\",\"url\":\"https:\/\/kavickujeme.emcubio.sk\/\",\"name\":\"Kavickujeme\",\"description\":\"Len \u010fal\u0161ia WordPress str\u00e1nka\",\"potentialAction\":[{\"@type\":\"SearchAction\",\"target\":{\"@type\":\"EntryPoint\",\"urlTemplate\":\"https:\/\/kavickujeme.emcubio.sk\/?s={search_term_string}\"},\"query-input\":\"required name=search_term_string\"}],\"inLanguage\":\"sk-SK\"},{\"@type\":\"WebPage\",\"@id\":\"https:\/\/kavickujeme.emcubio.sk\/?p=621#webpage\",\"url\":\"https:\/\/kavickujeme.emcubio.sk\/?p=621\",\"name\":\"Kaviare\u0148 Central Perk z Priate\u013eov je otvoren\u00e1 - Kavickujeme\",\"isPartOf\":{\"@id\":\"https:\/\/kavickujeme.emcubio.sk\/#website\"},\"datePublished\":\"2022-04-05T20:06:13+00:00\",\"dateModified\":\"2022-04-05T20:06:16+00:00\",\"author\":{\"@id\":\"https:\/\/kavickujeme.emcubio.sk\/#\/schema\/person\/81b7bdee8bf14b36243d9c2cc9e4a822\"},\"breadcrumb\":{\"@id\":\"https:\/\/kavickujeme.emcubio.sk\/?p=621#breadcrumb\"},\"inLanguage\":\"sk-SK\",\"potentialAction\":[{\"@type\":\"ReadAction\",\"target\":[\"https:\/\/kavickujeme.emcubio.sk\/?p=621\"]}]},{\"@type\":\"BreadcrumbList\",\"@id\":\"https:\/\/kavickujeme.emcubio.sk\/?p=621#breadcrumb\",\"itemListElement\":[{\"@type\":\"ListItem\",\"position\":1,\"name\":\"Home\",\"item\":\"https:\/\/kavickujeme.emcubio.sk\/\"},{\"@type\":\"ListItem\",\"position\":2,\"name\":\"Kaviare\u0148 Central Perk z Priate\u013eov je otvoren\u00e1\"}]},{\"@type\":\"Person\",\"@id\":\"https:\/\/kavickujeme.emcubio.sk\/#\/schema\/person\/81b7bdee8bf14b36243d9c2cc9e4a822\",\"name\":\"emcubio\",\"image\":{\"@type\":\"ImageObject\",\"@id\":\"https:\/\/kavickujeme.emcubio.sk\/#personlogo\",\"inLanguage\":\"sk-SK\",\"url\":\"https:\/\/secure.gravatar.com\/avatar\/daf3b86e28b1501237c32afccd4253c5?s=96&d=mm&r=g\",\"contentUrl\":\"https:\/\/secure.gravatar.com\/avatar\/daf3b86e28b1501237c32afccd4253c5?s=96&d=mm&r=g\",\"caption\":\"emcubio\"},\"sameAs\":[\"https:\/\/kavickujeme.emcubio.sk\"],\"url\":\"https:\/\/kavickujeme.emcubio.sk\/?author=1\"}]}<\/script>\n<!-- \/ Yoast SEO plugin. -->","yoast_head_json":{"title":"Kaviare\u0148 Central Perk z Priate\u013eov je otvoren\u00e1 - Kavickujeme","robots":{"index":"noindex","follow":"follow","max-snippet":"max-snippet:-1","max-image-preview":"max-image-preview:large","max-video-preview":"max-video-preview:-1"},"og_locale":"sk_SK","og_type":"article","og_title":"Kaviare\u0148 Central Perk z Priate\u013eov je otvoren\u00e1 - Kavickujeme","og_description":"_2PHJqFan\u00fa\u0161ikovia najzn\u00e1mej\u0161ieho sitkomu Priatelia pozor. Ak by ste si chceli da\u0165 \u0161\u00e1lku k\u00e1vy v legend\u00e1rnej kaviarni Central Perk, m\u00f4\u017eete tak urobi\u0165 od dnes.Pri pr\u00edle\u017eitosti 20. v\u00fdro\u010dia od premi\u00e9ry seri\u00e1lu, otvorili [&hellip;]","og_url":"https:\/\/kavickujeme.emcubio.sk\/?p=621","og_site_name":"Kavickujeme","article_published_time":"2022-04-05T20:06:13+00:00","article_modified_time":"2022-04-05T20:06:16+00:00","twitter_card":"summary_large_image","twitter_misc":{"Autor:":"emcubio","Predpokladan\u00fd \u010das \u010d\u00edtania":"1 min\u00fata"},"schema":{"@context":"https:\/\/schema.org","@graph":[{"@type":"WebSite","@id":"https:\/\/kavickujeme.emcubio.sk\/#website","url":"https:\/\/kavickujeme.emcubio.sk\/","name":"Kavickujeme","description":"Len \u010fal\u0161ia WordPress str\u00e1nka","potentialAction":[{"@type":"SearchAction","target":{"@type":"EntryPoint","urlTemplate":"https:\/\/kavickujeme.emcubio.sk\/?s={search_term_string}"},"query-input":"required name=search_term_string"}],"inLanguage":"sk-SK"},{"@type":"WebPage","@id":"https:\/\/kavickujeme.emcubio.sk\/?p=621#webpage","url":"https:\/\/kavickujeme.emcubio.sk\/?p=621","name":"Kaviare\u0148 Central Perk z Priate\u013eov je otvoren\u00e1 - Kavickujeme","isPartOf":{"@id":"https:\/\/kavickujeme.emcubio.sk\/#website"},"datePublished":"2022-04-05T20:06:13+00:00","dateModified":"2022-04-05T20:06:16+00:00","author":{"@id":"https:\/\/kavickujeme.emcubio.sk\/#\/schema\/person\/81b7bdee8bf14b36243d9c2cc9e4a822"},"breadcrumb":{"@id":"https:\/\/kavickujeme.emcubio.sk\/?p=621#breadcrumb"},"inLanguage":"sk-SK","potentialAction":[{"@type":"ReadAction","target":["https:\/\/kavickujeme.emcubio.sk\/?p=621"]}]},{"@type":"BreadcrumbList","@id":"https:\/\/kavickujeme.emcubio.sk\/?p=621#breadcrumb","itemListElement":[{"@type":"ListItem","position":1,"name":"Home","item":"https:\/\/kavickujeme.emcubio.sk\/"},{"@type":"ListItem","position":2,"name":"Kaviare\u0148 Central Perk z Priate\u013eov je otvoren\u00e1"}]},{"@type":"Person","@id":"https:\/\/kavickujeme.emcubio.sk\/#\/schema\/person\/81b7bdee8bf14b36243d9c2cc9e4a822","name":"emcubio","image":{"@type":"ImageObject","@id":"https:\/\/kavickujeme.emcubio.sk\/#personlogo","inLanguage":"sk-SK","url":"https:\/\/secure.gravatar.com\/avatar\/daf3b86e28b1501237c32afccd4253c5?s=96&d=mm&r=g","contentUrl":"https:\/\/secure.gravatar.com\/avatar\/daf3b86e28b1501237c32afccd4253c5?s=96&d=mm&r=g","caption":"emcubio"},"sameAs":["https:\/\/kavickujeme.emcubio.sk"],"url":"https:\/\/kavickujeme.emcubio.sk\/?author=1"}]}},"_links":{"self":[{"href":"https:\/\/kavickujeme.emcubio.sk\/index.php?rest_route=\/wp\/v2\/posts\/621"}],"collection":[{"href":"https:\/\/kavickujeme.emcubio.sk\/index.php?rest_route=\/wp\/v2\/posts"}],"about":[{"href":"https:\/\/kavickujeme.emcubio.sk\/index.php?rest_route=\/wp\/v2\/types\/post"}],"author":[{"embeddable":true,"href":"https:\/\/kavickujeme.emcubio.sk\/index.php?rest_route=\/wp\/v2\/users\/1"}],"replies":[{"embeddable":true,"href":"https:\/\/kavickujeme.emcubio.sk\/index.php?rest_route=%2Fwp%2Fv2%2Fcomments&post=621"}],"version-history":[{"count":1,"href":"https:\/\/kavickujeme.emcubio.sk\/index.php?rest_route=\/wp\/v2\/posts\/621\/revisions"}],"predecessor-version":[{"id":622,"href":"https:\/\/kavickujeme.emcubio.sk\/index.php?rest_route=\/wp\/v2\/posts\/621\/revisions\/622"}],"wp:attachment":[{"href":"https:\/\/kavickujeme.emcubio.sk\/index.php?rest_route=%2Fwp%2Fv2%2Fmedia&parent=621"}],"wp:term":[{"taxonomy":"category","embeddable":true,"href":"https:\/\/kavickujeme.emcubio.sk\/index.php?rest_route=%2Fwp%2Fv2%2Fcategories&post=621"},{"taxonomy":"post_tag","embeddable":true,"href":"https:\/\/kavickujeme.emcubio.sk\/index.php?rest_route=%2Fwp%2Fv2%2Ftags&post=621"}],"curies":[{"name":"wp","href":"https:\/\/api.w.org\/{rel}","templated":true}]}}