{"id":587,"date":"2022-04-05T21:46:05","date_gmt":"2022-04-05T19:46:05","guid":{"rendered":"https:\/\/kavickujeme.emcubio.sk\/?p=587"},"modified":"2022-04-05T21:46:08","modified_gmt":"2022-04-05T19:46:08","slug":"darovali-by-ste-kavu","status":"publish","type":"post","link":"https:\/\/kavickujeme.emcubio.sk\/?p=587","title":{"rendered":"Darovali by ste k\u00e1vu?"},"content":{"rendered":"\n<p>Text<br>Z Neapola sa do sveta roz\u0161\u00edrila kr\u00e1sna my\u0161lienka. Vzi\u0161la kr\u00e1tko po druhej svetovej vojne, kedy krajinu su\u017eovala chudoba a z\u00e1rove\u0148 ako prejav \u00facty k vojnov\u00fdm veter\u00e1nom. My\u0161lienka bola kr\u00e1sna, darova\u0165 k\u00e1vu t\u00fdm, ktor\u00ed si ju sami k\u00fapi\u0165 nevedia. Pre\u0161lo nieko\u013eko rokov a tento \u201eakt charity\u201c sa postupne presunul aj do ostatn\u00fdch kraj\u00edn sveta. Dnes sa s \u201eodlo\u017eenou k\u00e1vou\u201c m\u00f4\u017eeme stretn\u00fa\u0165 aj v ostatn\u00fdch krajin\u00e1ch Eur\u00f3py ako napr\u00edklad v Nemecku, Belgicku, Ma\u010farsku, Franc\u00fazsku, \u00cdrsku, ale aj v Spojen\u00fdch \u0161t\u00e1toch, v \u010c\u00edne aj v Austr\u00e1lii. Ve\u013ek\u00fd v\u00fdznam pre \u0161\u00edrenie tzv. odlo\u017eenej k\u00e1vy zohr\u00e1va aj internet a soci\u00e1lne siete, kde vznikaj\u00fa r\u00f4zne skupiny pre podporu tohto netradi\u010dn\u00e9ho skutku.<\/p>\n\n\n\n<p><br>Suspended coffee, caffe sospesso alebo caffe pagato, r\u00f4zne n\u00e1zvy, my\u0161lienka rovnak\u00e1. Princ\u00edp, na ktorom odlo\u017een\u00e1 k\u00e1va funguje je jednoduch\u00fd. Namiesto jednej k\u00e1vy si m\u00f4\u017eete objedna\u0165 dve \u2013 jednu va\u0161u ob\u013e\u00faben\u00fa k\u00e1vu a jednu \u201esuspended coffee\u201c. Zaplat\u00edte za obe, ale jedna k\u00e1va zostane \u201eodlo\u017een\u00e1\u201c pre niekoho, kto si ju dovoli\u0165 nem\u00f4\u017ee. Obsluha v kaviarni ju potom priprav\u00ed pre prv\u00e9ho, kto o \u0148u po\u017eiada.<\/p>\n\n\n\n<p><br>Ako sme na tom s odlo\u017eenou k\u00e1vou na Slovensku? Pozit\u00edvne je, \u017ee prv\u00e9 kaviarensk\u00e9 lastovi\u010dky podporuj\u00face tak\u00fdto sp\u00f4sob platenia k\u00e1vy vopred pre niekoho in\u00e9ho sa postupne udom\u00e1c\u0148uj\u00fa aj u n\u00e1s. Chce to v\u0161ak \u010das a ochotu pom\u00f4c\u0165 druh\u00fdm. Neb\u00e1\u0165 sa, \u017ee \u201eodlo\u017een\u00e9 k\u00e1vy\u201c prines\u00fa do kaviarn\u00ed \u013eud\u00ed, ktor\u00ed svoj\u00edm zov\u0148aj\u0161kom bud\u00fa ob\u0165a\u017eova\u0165 ostatn\u00fdch host\u00ed. T\u00e1to my\u0161lienka je ur\u010den\u00e1 pre \u013eud\u00ed, ktor\u00ed si v\u010faka aktu\u00e1lnej \u017eivotnej situ\u00e1cii k\u00e1vu dopria\u0165 nem\u00f4\u017eu. Nie pre \u013eud\u00ed, ktor\u00ed sa dlhodobo odmietaj\u00fa za\u010dleni\u0165 do spolo\u010dnosti.<\/p>\n\n\n\n<p><br>Chyst\u00e1te sa na dovolenku do niektorej z kraj\u00edn, v ktor\u00fdch pojem suspended coffee u\u017e je zau\u017e\u00edvan\u00fd? P\u00e1trali sme na internete a napr\u00edklad na str\u00e1nke www.coffeesharing.com n\u00e1jdete nielen zoznam kraj\u00edn, ale aj zoznam konkr\u00e9tnych kaviarn\u00ed a re\u0161taur\u00e1ci\u00ed, kde je mo\u017en\u00e9 si tak\u00fato aktivitu vysk\u00fa\u0161a\u0165. Ur\u010dite n\u00e1m potom dajte vedie\u0165 va\u0161e sk\u00fasenosti a dojmy.<\/p>\n","protected":false},"excerpt":{"rendered":"<p>TextZ Neapola sa do sveta roz\u0161\u00edrila kr\u00e1sna my\u0161lienka. Vzi\u0161la kr\u00e1tko po druhej svetovej vojne, kedy krajinu su\u017eovala chudoba a z\u00e1rove\u0148 ako prejav \u00facty k vojnov\u00fdm veter\u00e1nom. My\u0161lienka bola kr\u00e1sna, darova\u0165 [&hellip;]<\/p>\n","protected":false},"author":1,"featured_media":588,"comment_status":"open","ping_status":"open","sticky":false,"template":"","format":"standard","meta":[],"categories":[1],"tags":[],"yoast_head":"<!-- This site is optimized with the Yoast SEO plugin v18.5.1 - https:\/\/yoast.com\/wordpress\/plugins\/seo\/ -->\n<title>Darovali by ste k\u00e1vu? - Kavickujeme<\/title>\n<meta name=\"robots\" content=\"noindex, follow, max-snippet:-1, max-image-preview:large, max-video-preview:-1\" \/>\n<meta property=\"og:locale\" content=\"sk_SK\" \/>\n<meta property=\"og:type\" content=\"article\" \/>\n<meta property=\"og:title\" content=\"Darovali by ste k\u00e1vu? - Kavickujeme\" \/>\n<meta property=\"og:description\" content=\"TextZ Neapola sa do sveta roz\u0161\u00edrila kr\u00e1sna my\u0161lienka. Vzi\u0161la kr\u00e1tko po druhej svetovej vojne, kedy krajinu su\u017eovala chudoba a z\u00e1rove\u0148 ako prejav \u00facty k vojnov\u00fdm veter\u00e1nom. My\u0161lienka bola kr\u00e1sna, darova\u0165 [&hellip;]\" \/>\n<meta property=\"og:url\" content=\"https:\/\/kavickujeme.emcubio.sk\/?p=587\" \/>\n<meta property=\"og:site_name\" content=\"Kavickujeme\" \/>\n<meta property=\"article:published_time\" content=\"2022-04-05T19:46:05+00:00\" \/>\n<meta property=\"article:modified_time\" content=\"2022-04-05T19:46:08+00:00\" \/>\n<meta name=\"twitter:card\" content=\"summary_large_image\" \/>\n<meta name=\"twitter:image\" content=\"https:\/\/kavickujeme.emcubio.sk\/wp-content\/uploads\/2022\/04\/Darovali-by-ste-ka\u0301vu-.webp\" \/>\n<meta name=\"twitter:label1\" content=\"Autor:\" \/>\n\t<meta name=\"twitter:data1\" content=\"emcubio\" \/>\n\t<meta name=\"twitter:label2\" content=\"Predpokladan\u00fd \u010das \u010d\u00edtania\" \/>\n\t<meta name=\"twitter:data2\" content=\"2 min\u00faty\" \/>\n<script type=\"application\/ld+json\" class=\"yoast-schema-graph\">{\"@context\":\"https:\/\/schema.org\",\"@graph\":[{\"@type\":\"WebSite\",\"@id\":\"https:\/\/kavickujeme.emcubio.sk\/#website\",\"url\":\"https:\/\/kavickujeme.emcubio.sk\/\",\"name\":\"Kavickujeme\",\"description\":\"Len \u010fal\u0161ia WordPress str\u00e1nka\",\"potentialAction\":[{\"@type\":\"SearchAction\",\"target\":{\"@type\":\"EntryPoint\",\"urlTemplate\":\"https:\/\/kavickujeme.emcubio.sk\/?s={search_term_string}\"},\"query-input\":\"required name=search_term_string\"}],\"inLanguage\":\"sk-SK\"},{\"@type\":\"ImageObject\",\"@id\":\"https:\/\/kavickujeme.emcubio.sk\/?p=587#primaryimage\",\"inLanguage\":\"sk-SK\",\"url\":\"https:\/\/kavickujeme.emcubio.sk\/wp-content\/uploads\/2022\/04\/Darovali-by-ste-ka\u0301vu-.webp\",\"contentUrl\":\"https:\/\/kavickujeme.emcubio.sk\/wp-content\/uploads\/2022\/04\/Darovali-by-ste-ka\u0301vu-.webp\",\"width\":1168,\"height\":776},{\"@type\":\"WebPage\",\"@id\":\"https:\/\/kavickujeme.emcubio.sk\/?p=587#webpage\",\"url\":\"https:\/\/kavickujeme.emcubio.sk\/?p=587\",\"name\":\"Darovali by ste k\u00e1vu? - Kavickujeme\",\"isPartOf\":{\"@id\":\"https:\/\/kavickujeme.emcubio.sk\/#website\"},\"primaryImageOfPage\":{\"@id\":\"https:\/\/kavickujeme.emcubio.sk\/?p=587#primaryimage\"},\"datePublished\":\"2022-04-05T19:46:05+00:00\",\"dateModified\":\"2022-04-05T19:46:08+00:00\",\"author\":{\"@id\":\"https:\/\/kavickujeme.emcubio.sk\/#\/schema\/person\/81b7bdee8bf14b36243d9c2cc9e4a822\"},\"breadcrumb\":{\"@id\":\"https:\/\/kavickujeme.emcubio.sk\/?p=587#breadcrumb\"},\"inLanguage\":\"sk-SK\",\"potentialAction\":[{\"@type\":\"ReadAction\",\"target\":[\"https:\/\/kavickujeme.emcubio.sk\/?p=587\"]}]},{\"@type\":\"BreadcrumbList\",\"@id\":\"https:\/\/kavickujeme.emcubio.sk\/?p=587#breadcrumb\",\"itemListElement\":[{\"@type\":\"ListItem\",\"position\":1,\"name\":\"Home\",\"item\":\"https:\/\/kavickujeme.emcubio.sk\/\"},{\"@type\":\"ListItem\",\"position\":2,\"name\":\"Darovali by ste k\u00e1vu?\"}]},{\"@type\":\"Person\",\"@id\":\"https:\/\/kavickujeme.emcubio.sk\/#\/schema\/person\/81b7bdee8bf14b36243d9c2cc9e4a822\",\"name\":\"emcubio\",\"image\":{\"@type\":\"ImageObject\",\"@id\":\"https:\/\/kavickujeme.emcubio.sk\/#personlogo\",\"inLanguage\":\"sk-SK\",\"url\":\"https:\/\/secure.gravatar.com\/avatar\/daf3b86e28b1501237c32afccd4253c5?s=96&d=mm&r=g\",\"contentUrl\":\"https:\/\/secure.gravatar.com\/avatar\/daf3b86e28b1501237c32afccd4253c5?s=96&d=mm&r=g\",\"caption\":\"emcubio\"},\"sameAs\":[\"https:\/\/kavickujeme.emcubio.sk\"],\"url\":\"https:\/\/kavickujeme.emcubio.sk\/?author=1\"}]}<\/script>\n<!-- \/ Yoast SEO plugin. -->","yoast_head_json":{"title":"Darovali by ste k\u00e1vu? - Kavickujeme","robots":{"index":"noindex","follow":"follow","max-snippet":"max-snippet:-1","max-image-preview":"max-image-preview:large","max-video-preview":"max-video-preview:-1"},"og_locale":"sk_SK","og_type":"article","og_title":"Darovali by ste k\u00e1vu? - Kavickujeme","og_description":"TextZ Neapola sa do sveta roz\u0161\u00edrila kr\u00e1sna my\u0161lienka. Vzi\u0161la kr\u00e1tko po druhej svetovej vojne, kedy krajinu su\u017eovala chudoba a z\u00e1rove\u0148 ako prejav \u00facty k vojnov\u00fdm veter\u00e1nom. My\u0161lienka bola kr\u00e1sna, darova\u0165 [&hellip;]","og_url":"https:\/\/kavickujeme.emcubio.sk\/?p=587","og_site_name":"Kavickujeme","article_published_time":"2022-04-05T19:46:05+00:00","article_modified_time":"2022-04-05T19:46:08+00:00","twitter_card":"summary_large_image","twitter_image":"https:\/\/kavickujeme.emcubio.sk\/wp-content\/uploads\/2022\/04\/Darovali-by-ste-ka\u0301vu-.webp","twitter_misc":{"Autor:":"emcubio","Predpokladan\u00fd \u010das \u010d\u00edtania":"2 min\u00faty"},"schema":{"@context":"https:\/\/schema.org","@graph":[{"@type":"WebSite","@id":"https:\/\/kavickujeme.emcubio.sk\/#website","url":"https:\/\/kavickujeme.emcubio.sk\/","name":"Kavickujeme","description":"Len \u010fal\u0161ia WordPress str\u00e1nka","potentialAction":[{"@type":"SearchAction","target":{"@type":"EntryPoint","urlTemplate":"https:\/\/kavickujeme.emcubio.sk\/?s={search_term_string}"},"query-input":"required name=search_term_string"}],"inLanguage":"sk-SK"},{"@type":"ImageObject","@id":"https:\/\/kavickujeme.emcubio.sk\/?p=587#primaryimage","inLanguage":"sk-SK","url":"https:\/\/kavickujeme.emcubio.sk\/wp-content\/uploads\/2022\/04\/Darovali-by-ste-ka\u0301vu-.webp","contentUrl":"https:\/\/kavickujeme.emcubio.sk\/wp-content\/uploads\/2022\/04\/Darovali-by-ste-ka\u0301vu-.webp","width":1168,"height":776},{"@type":"WebPage","@id":"https:\/\/kavickujeme.emcubio.sk\/?p=587#webpage","url":"https:\/\/kavickujeme.emcubio.sk\/?p=587","name":"Darovali by ste k\u00e1vu? - Kavickujeme","isPartOf":{"@id":"https:\/\/kavickujeme.emcubio.sk\/#website"},"primaryImageOfPage":{"@id":"https:\/\/kavickujeme.emcubio.sk\/?p=587#primaryimage"},"datePublished":"2022-04-05T19:46:05+00:00","dateModified":"2022-04-05T19:46:08+00:00","author":{"@id":"https:\/\/kavickujeme.emcubio.sk\/#\/schema\/person\/81b7bdee8bf14b36243d9c2cc9e4a822"},"breadcrumb":{"@id":"https:\/\/kavickujeme.emcubio.sk\/?p=587#breadcrumb"},"inLanguage":"sk-SK","potentialAction":[{"@type":"ReadAction","target":["https:\/\/kavickujeme.emcubio.sk\/?p=587"]}]},{"@type":"BreadcrumbList","@id":"https:\/\/kavickujeme.emcubio.sk\/?p=587#breadcrumb","itemListElement":[{"@type":"ListItem","position":1,"name":"Home","item":"https:\/\/kavickujeme.emcubio.sk\/"},{"@type":"ListItem","position":2,"name":"Darovali by ste k\u00e1vu?"}]},{"@type":"Person","@id":"https:\/\/kavickujeme.emcubio.sk\/#\/schema\/person\/81b7bdee8bf14b36243d9c2cc9e4a822","name":"emcubio","image":{"@type":"ImageObject","@id":"https:\/\/kavickujeme.emcubio.sk\/#personlogo","inLanguage":"sk-SK","url":"https:\/\/secure.gravatar.com\/avatar\/daf3b86e28b1501237c32afccd4253c5?s=96&d=mm&r=g","contentUrl":"https:\/\/secure.gravatar.com\/avatar\/daf3b86e28b1501237c32afccd4253c5?s=96&d=mm&r=g","caption":"emcubio"},"sameAs":["https:\/\/kavickujeme.emcubio.sk"],"url":"https:\/\/kavickujeme.emcubio.sk\/?author=1"}]}},"_links":{"self":[{"href":"https:\/\/kavickujeme.emcubio.sk\/index.php?rest_route=\/wp\/v2\/posts\/587"}],"collection":[{"href":"https:\/\/kavickujeme.emcubio.sk\/index.php?rest_route=\/wp\/v2\/posts"}],"about":[{"href":"https:\/\/kavickujeme.emcubio.sk\/index.php?rest_route=\/wp\/v2\/types\/post"}],"author":[{"embeddable":true,"href":"https:\/\/kavickujeme.emcubio.sk\/index.php?rest_route=\/wp\/v2\/users\/1"}],"replies":[{"embeddable":true,"href":"https:\/\/kavickujeme.emcubio.sk\/index.php?rest_route=%2Fwp%2Fv2%2Fcomments&post=587"}],"version-history":[{"count":1,"href":"https:\/\/kavickujeme.emcubio.sk\/index.php?rest_route=\/wp\/v2\/posts\/587\/revisions"}],"predecessor-version":[{"id":589,"href":"https:\/\/kavickujeme.emcubio.sk\/index.php?rest_route=\/wp\/v2\/posts\/587\/revisions\/589"}],"wp:featuredmedia":[{"embeddable":true,"href":"https:\/\/kavickujeme.emcubio.sk\/index.php?rest_route=\/wp\/v2\/media\/588"}],"wp:attachment":[{"href":"https:\/\/kavickujeme.emcubio.sk\/index.php?rest_route=%2Fwp%2Fv2%2Fmedia&parent=587"}],"wp:term":[{"taxonomy":"category","embeddable":true,"href":"https:\/\/kavickujeme.emcubio.sk\/index.php?rest_route=%2Fwp%2Fv2%2Fcategories&post=587"},{"taxonomy":"post_tag","embeddable":true,"href":"https:\/\/kavickujeme.emcubio.sk\/index.php?rest_route=%2Fwp%2Fv2%2Ftags&post=587"}],"curies":[{"name":"wp","href":"https:\/\/api.w.org\/{rel}","templated":true}]}}